{"id":108,"date":"2016-10-01T10:05:15","date_gmt":"2016-10-01T10:05:15","guid":{"rendered":"http:\/\/mice-icu.eu\/?p=108"},"modified":"2017-05-16T10:58:02","modified_gmt":"2017-05-16T10:58:02","slug":"multicultural-care-in-european-intensive-care-units-the-project-started","status":"publish","type":"post","link":"https:\/\/mice-icu.erasmus.site\/cz\/multicultural-care-in-european-intensive-care-units-the-project-started\/","title":{"rendered":"Multikulturn\u00ed p\u00e9\u010de na evropsk\u00fdch JIP \u2013 projekt odstartoval."},"content":{"rendered":"<p><!--more--><br \/>\n<img data-recalc-dims=\"1\" loading=\"lazy\" decoding=\"async\" data-attachment-id=\"107\" data-permalink=\"https:\/\/mice-icu.erasmus.site\/cz\/multicultural-care-in-european-intensive-care-units-the-project-started\/mice-logo_400-2\/\" data-orig-file=\"https:\/\/i0.wp.com\/mice-icu.erasmus.site\/wp-content\/uploads\/2016\/11\/MICE-LOGO_400-1.jpg?fit=400%2C394&amp;ssl=1\" data-orig-size=\"400,394\" data-comments-opened=\"0\" data-image-meta=\"{&quot;aperture&quot;:&quot;0&quot;,&quot;credit&quot;:&quot;mimozhis&quot;,&quot;camera&quot;:&quot;&quot;,&quot;caption&quot;:&quot;&quot;,&quot;created_timestamp&quot;:&quot;1476899352&quot;,&quot;copyright&quot;:&quot;&quot;,&quot;focal_length&quot;:&quot;0&quot;,&quot;iso&quot;:&quot;0&quot;,&quot;shutter_speed&quot;:&quot;0&quot;,&quot;title&quot;:&quot;&quot;,&quot;orientation&quot;:&quot;0&quot;}\" data-image-title=\"mice-logo_400\" data-image-description=\"\" data-image-caption=\"\" data-medium-file=\"https:\/\/i0.wp.com\/mice-icu.erasmus.site\/wp-content\/uploads\/2016\/11\/MICE-LOGO_400-1.jpg?fit=300%2C296&amp;ssl=1\" data-large-file=\"https:\/\/i0.wp.com\/mice-icu.erasmus.site\/wp-content\/uploads\/2016\/11\/MICE-LOGO_400-1.jpg?fit=400%2C394&amp;ssl=1\" class=\"aligncenter size-medium wp-image-107\" src=\"https:\/\/i0.wp.com\/mice-icu.erasmus.site\/wp-content\/uploads\/2016\/11\/MICE-LOGO_400-1.jpg?resize=300%2C296\" alt=\"mice-logo_400\" width=\"300\" height=\"296\" srcset=\"https:\/\/i0.wp.com\/mice-icu.erasmus.site\/wp-content\/uploads\/2016\/11\/MICE-LOGO_400-1.jpg?resize=300%2C296&amp;ssl=1 300w, https:\/\/i0.wp.com\/mice-icu.erasmus.site\/wp-content\/uploads\/2016\/11\/MICE-LOGO_400-1.jpg?w=400&amp;ssl=1 400w\" sizes=\"auto, (max-width: 300px) 100vw, 300px\" \/><\/p>\n<p style=\"text-align: center;\"><strong>\u010c\u00edslo projektu: 2016-1-PL01-KA202-026615<br \/>\nObdob\u00ed prov\u00e1d\u011bn\u00ed: 01.10.2016 \u2013 30.09.2018<\/strong><\/p>\n<p>Posl\u00e1n\u00ed sester pracuj\u00edc\u00edch v interkulturn\u00edm prost\u0159ed\u00ed, zvl\u00e1\u0161t\u011b t\u011bch na ARO\/JIP, je delik\u00e1tn\u00ed. Vzhledem k tomu, \u017ee \u010dasto pe\u010duj\u00ed o pacienty v bezv\u011bdom\u00ed, jejich\u017e rodina jim \u010dasto nen\u00ed nabl\u00edzku, m\u011bly by v\u011bd\u011bt, jak o pacienta pe\u010dovat v z\u00e1vislosti na jeho kultu\u0159e a n\u00e1bo\u017eenstv\u00ed.<\/p>\n<p>Nap\u0159. Semit\u00e9 odm\u00edtaj\u00ed, aby se jich kdokoli mimo jejich komunitu dot\u00fdkal; Sv\u011bdkov\u00e9 Jehovovi odm\u00edtaj\u00ed krevn\u00ed transfuzi a krevn\u00ed deriv\u00e1ty; objevuj\u00ed se i p\u0159\u00e1n\u00ed t\u00fdkaj\u00edc\u00ed se transplantace org\u00e1n\u016f a nakl\u00e1d\u00e1n\u00ed s t\u011blem po smrti. Nedostatek porozum\u011bn\u00ed vede k frustraci, \u00fazkosti a agresi a nedostatek kulturn\u00edho pov\u011bdom\u00ed m\u016f\u017ee ohrozit pacientovu d\u016fstojnost. Proto je d\u016fle\u017eit\u00e9 vybavit zdravotnick\u00fd person\u00e1l adekv\u00e1tn\u00ed zp\u016fsobilost\u00ed.<\/p>\n<p>V reakci na v\u00fd\u0161e uveden\u00e9 pot\u0159eby se projekt zam\u011b\u0159uje na zlep\u0161en\u00ed znalost\u00ed, dovednost\u00ed a zp\u016fsobilosti sester pracuj\u00edc\u00edch na ARO\/JIP, kter\u00e9 pe\u010duj\u00ed o pacienty z jin\u00e9ho kulturn\u00edho prost\u0159ed\u00ed. Dan\u00e9ho c\u00edle bude dosa\u017eeno prost\u0159ednictv\u00edm:<\/p>\n<ul>\n<li>hloubkov\u00e9 anal\u00fdzy interkulturn\u00edch v\u00fdcvikov\u00fdch pot\u0159eb a interkulturn\u00ed zp\u016fsobilosti sester intenzivn\u00ed p\u00e9\u010de,<\/li>\n<li>prost\u0159ednictv\u00edm rozvoje odborn\u00e9ho a akreditovan\u00e9ho multikulturn\u00edho kurzu pro sestry intenzivn\u00ed p\u00e9\u010de,<\/li>\n<li>\u0159\u00edpravu doporu\u010den\u00ed ke zdravotnick\u00e9 dokumentaci pro sestry intenzivn\u00ed p\u00e9\u010de<\/li>\n<li>\u0161\u00ed\u0159en\u00ed v\u00fdsledk\u016f nap\u0159\u00ed\u010d celou Evropou.<\/li>\n<\/ul>\n<p>Projekt p\u0159\u00edmo zahrne 520 sester z JIP. Z nich 400 bude participovat na anal\u00fdze interkulturn\u00edch v\u00fdcvikov\u00fdch pot\u0159eb a zp\u016fsobilosti a 120 z nich vyzkou\u0161\u00ed e-learningov\u00fd kurz pro n\u011b speci\u00e1ln\u011b sestaven\u00fd. Dal\u0161\u00ed sestry intenzivn\u00ed p\u00e9\u010de a odborn\u00edci z r\u016fzn\u00fdch zdravotnick\u00fdch oblast\u00ed se budou \u00fa\u010dastnit pracovn\u00edch skupin sestaven\u00fdch v ka\u017ed\u00e9 zemi za \u00fa\u010delem konzultov\u00e1n\u00ed z\u00edskan\u00e9ho materi\u00e1lu.<\/p>\n<h3>Partne\u0159i<\/h3>\n<p>Polsk\u00e9 asociace sester v anestezii a intenzivn\u00ed p\u00e9\u010di \u2013 Rzesz\u00f3w, Polsko <small>Koordin\u00e1tor<\/small><br \/>\nDanmar Computers \u2013 Rzesz\u00f3w, Polsko<br \/>\nVisoka zdravstvena \u0161ola v Celju \u2013 Celje, Slovinsko<br \/>\nOSTRAVSKA UNIVERZITA V OSTRAVE\u2013 Ostrava, \u010cesk\u00e1 republika<br \/>\nEfCCNa \u2013 Amsterdam, Nizozem\u00ed<br \/>\nassist GmbH \u2013 Paderborn, N\u011bmecko<\/p>","protected":false},"excerpt":{"rendered":"<p>Sorry, this entry is only available in English.<\/p>\n","protected":false},"author":1,"featured_media":110,"comment_status":"closed","ping_status":"closed","sticky":false,"template":"","format":"standard","meta":{"jetpack_post_was_ever_published":false,"_jetpack_newsletter_access":"","_jetpack_dont_email_post_to_subs":true,"_jetpack_newsletter_tier_id":0,"_jetpack_memberships_contains_paywalled_content":false,"_jetpack_memberships_contains_paid_content":false,"footnotes":"","jetpack_publicize_message":"","jetpack_publicize_feature_enabled":true,"jetpack_social_post_already_shared":false,"jetpack_social_options":{"image_generator_settings":{"template":"highway","default_image_id":0,"font":"","enabled":false},"version":2}},"categories":[3],"tags":[],"class_list":["post-108","post","type-post","status-publish","format-standard","has-post-thumbnail","hentry","category-posts"],"jetpack_publicize_connections":[],"jetpack_featured_media_url":"https:\/\/i0.wp.com\/mice-icu.erasmus.site\/wp-content\/uploads\/2016\/11\/chapter-1-1195596-1599x1066_cr.jpg?fit=1504%2C692&ssl=1","jetpack_sharing_enabled":true,"jetpack_shortlink":"https:\/\/wp.me\/p88Yz5-1K","jetpack-related-posts":[],"_links":{"self":[{"href":"https:\/\/mice-icu.erasmus.site\/cz\/wp-json\/wp\/v2\/posts\/108","targetHints":{"allow":["GET"]}}],"collection":[{"href":"https:\/\/mice-icu.erasmus.site\/cz\/wp-json\/wp\/v2\/posts"}],"about":[{"href":"https:\/\/mice-icu.erasmus.site\/cz\/wp-json\/wp\/v2\/types\/post"}],"author":[{"embeddable":true,"href":"https:\/\/mice-icu.erasmus.site\/cz\/wp-json\/wp\/v2\/users\/1"}],"replies":[{"embeddable":true,"href":"https:\/\/mice-icu.erasmus.site\/cz\/wp-json\/wp\/v2\/comments?post=108"}],"version-history":[{"count":10,"href":"https:\/\/mice-icu.erasmus.site\/cz\/wp-json\/wp\/v2\/posts\/108\/revisions"}],"predecessor-version":[{"id":177,"href":"https:\/\/mice-icu.erasmus.site\/cz\/wp-json\/wp\/v2\/posts\/108\/revisions\/177"}],"wp:featuredmedia":[{"embeddable":true,"href":"https:\/\/mice-icu.erasmus.site\/cz\/wp-json\/wp\/v2\/media\/110"}],"wp:attachment":[{"href":"https:\/\/mice-icu.erasmus.site\/cz\/wp-json\/wp\/v2\/media?parent=108"}],"wp:term":[{"taxonomy":"category","embeddable":true,"href":"https:\/\/mice-icu.erasmus.site\/cz\/wp-json\/wp\/v2\/categories?post=108"},{"taxonomy":"post_tag","embeddable":true,"href":"https:\/\/mice-icu.erasmus.site\/cz\/wp-json\/wp\/v2\/tags?post=108"}],"curies":[{"name":"wp","href":"https:\/\/api.w.org\/{rel}","templated":true}]}}